{
    "title": "Un communiqu\u00e9 de Canada Soccer",
    "modified_at": "2026-04-29 16:47:07",
    "published_at": "2022-05-26 21:19:00",
    "url": "https://news.canadasoccer.com/un-communique-de-canada-soccer",
    "short_url": "http://prez.ly/DcEd",
    "culture": "fr_CA",
    "language": "FR",
    "subtitle": "Canada Soccer est anim\u00e9 des meilleures intentions dans ses efforts visant \u00e0 garantir que l\u2019\u00e9quipe nationale masculine obtienne une exp\u00e9rience significative contre des \u00e9quipes de la Coupe du Monde de la FIFA en pr\u00e9paration pour le tournoi au Qatar en 2022.",
    "slug": "un-communique-de-canada-soccer",
    "body": "<p>Au cours de la derni&egrave;re semaine et en r&eacute;ponse &agrave; la r&eacute;alit&eacute; g&eacute;opolitique inconcevable et apparente de la venue de l&rsquo;&eacute;quipe de l&rsquo;Iran dans le cadre des pr&eacute;paratifs pour la Coupe du Monde de la FIFA, Qatar 2022, le match a &eacute;t&eacute; annul&eacute;. Bien que nous ayons tenu compte de facteurs ext&eacute;rieurs dans la s&eacute;lection d&rsquo;un adversaire optimal dans notre processus d&eacute;cisionnel, il est devenu clair &agrave; nos yeux dans la poursuite de cet objectif que nous n&rsquo;avons pas ad&eacute;quatement tenu compte de tous les facteurs ext&eacute;rieurs qui auraient d&ucirc; &ecirc;tre inclus avant de parvenir &agrave; cette d&eacute;cision.</p><p>Canada Soccer entamera un examen en profondeur de nos proc&eacute;dures encadrant l&rsquo;accueil de matchs internationaux pour nous assurer que tous les d&eacute;tails soient pris en compte dans notre poursuite de l&rsquo;excellence sur le terrain comme &agrave; l&rsquo;ext&eacute;rieur, notamment par une consultation avec toutes les parties prenantes. Nous sommes engag&eacute;s &agrave; cr&eacute;er des environnements respectueux et inclusifs pour les &eacute;quipes, les joueurs et les partisans.</p><p>Nous travaillons avec diligence afin de trouver un autre adversaire. Tous les d&eacute;tenteurs de billets pour ce match ont &eacute;t&eacute; avis&eacute;s que l&rsquo;&eacute;v&eacute;nement a &eacute;t&eacute; annul&eacute; et qu&rsquo;un remboursement leur sera vers&eacute;.</p><div class=\"release-content-contact\" id=\"contact-b9cb82fd-fbc3-4d93-8ace-5964e3404eb9\">\n    \n    <div class=\"release-content-contact__details\">\n        <strong class=\"release-content-contact__name\">Paulo Senra</strong>\n        <em class=\"release-content-contact__description\">Chief Communications &amp; Content Officer | Chef des communications et du contenu, Canada Soccer</em>\n        <ul class=\"release-content-contact__details-list\"><li class=\"release-content-contact__details-list-item\"><a href=\"mailto:psenra@canadasoccer.com\"  class=\"release-content-contact__details-list-item-link\" title=\"psenra@canadasoccer.com\"><svg class=\"icon icon-paper-plane release-content-contact__details-list-item-icon\">\n                <use xlink:href=\"#icon-paper-plane\"></use>\n            </svg>psenra@canadasoccer.com</a></li>\n<li class=\"release-content-contact__details-list-item\"><a href=\"tel:(416)&nbsp;882-7919\"  class=\"release-content-contact__details-list-item-link\" title=\"(416)&nbsp;882-7919\"><svg class=\"icon icon-mobile release-content-contact__details-list-item-icon\">\n                <use xlink:href=\"#icon-mobile\"></use>\n            </svg>(416)&nbsp;882-7919</a></li></ul>\n    </div>\n</div>",
    "header": {
        "large": "https://cdn.uc.assets.prezly.com/f400f4c0-34e5-459a-ba2f-42e86b0a83b3/-/format/auto/",
        "release": "https://cdn.uc.assets.prezly.com/f400f4c0-34e5-459a-ba2f-42e86b0a83b3/-/format/auto/"
    },
    "contacts": [
        {
            "name": "Paulo Senra",
            "company": "Canada Soccer",
            "description": "Chief Communications & Content Officer | Chef des communications et du contenu",
            "email": "psenra@canadasoccer.com",
            "website": null,
            "address": null,
            "telephone": null,
            "mobile": "(416)\u00a0882-7919",
            "twitter": null,
            "facebook": null
        }
    ],
    "author": {
        "first_name": "Integration",
        "last_name": "Integration"
    },
    "format_version": 5
}