{
    "title": "Scott Arfield prend sa retraite du football international",
    "modified_at": "2026-04-29 16:54:32",
    "published_at": "2022-01-16 21:47:00",
    "url": "https://news.canadasoccer.com/scott-arfield-prend-sa-retraite-du-football-international",
    "short_url": "http://prez.ly/TdEd",
    "culture": "fr_CA",
    "language": "FR",
    "subtitle": "Scott Arfield a d\u00e9cid\u00e9 de mettre fin \u00e0 sa carri\u00e8re de footballeur international. L\u2019ancien capitaine du Canada a eu droit \u00e0 19 s\u00e9lections internationales \u2018A\u2019, notamment quand il a particip\u00e9 \u00e0 deux \u00e9ditions de la Gold Cup de la Concacaf, \u00e0 une phase des Qualifications pour la Coupe du monde de la FIFA\u2026",
    "slug": "scott-arfield-prend-sa-retraite-du-football-international",
    "body": "<p>Scott<br>\u200bArfield a d&eacute;cid&eacute; de mettre fin &agrave; sa carri&egrave;re de footballeur international.<br>\u200bL&rsquo;ancien capitaine du Canada a eu droit &agrave; 19 s&eacute;lections internationales &lsquo;A&rsquo;,<br>\u200bnotamment quand il a particip&eacute; &agrave; deux &eacute;ditions de la Gold Cup de la Concacaf, &agrave;<br>\u200bune phase des Qualifications pour la Coupe du monde de la FIFA et &agrave; deux<br>\u200bpr&eacute;sentations de la Ligue A des nations de la Concacaf.</p><p>&laquo;&nbsp;Ce fut un plaisir et un privil&egrave;ge<br>\u200bde travailler avec&nbsp;Scott Arfield&nbsp;dans le cadre des activit&eacute;s de<br>\u200bl&rsquo;&eacute;quipe nationale masculine de&nbsp;Canada Soccer,&nbsp;a d&eacute;clar&eacute;<br>\u200bl&rsquo;entra&icirc;neur-chef&nbsp;John Herdman.&nbsp;La passion qu&rsquo;il ressent pour le<br>\u200bsoccer&nbsp;est&nbsp;contagieuse et il a aid&eacute; &agrave; mettre en place de solides<br>\u200bbases qui ont contribu&eacute; &agrave; construire l&rsquo;&eacute;quipe qui conna&icirc;t du&nbsp;succ&egrave;s dans<br>\u200bla phase actuelle des&nbsp;Qualifications&nbsp;pour la Coupe du monde de la<br>\u200bFIFA.&nbsp;Nous lui souhaitons la meilleure des chances pour la suite. &raquo;</p><p>Arfield a port&eacute; le brassard de capitaine<br>\u200bdurant cinq de ses 19 matchs internationaux &lsquo;A&rsquo;, &agrave; l&rsquo;occasion notamment d&rsquo;une<br>\u200bhistorique victoire de 2:0 contre les &Eacute;tats-Unis, le 15 octobre 2019 &agrave; Toronto.<br>\u200bIl s&rsquo;agissait de la premi&egrave;re victoire du Canada contre les &Eacute;tats-Unis en 34 ans<br>\u200bdans le cadre d&rsquo;un match international &lsquo;A&rsquo; chez les hommes.</p><p>Il<br>\u200ba par ailleurs &eacute;t&eacute; nomm&eacute; Joueur du match &agrave; deux reprises, &agrave; l&rsquo;occasion d&rsquo;un match<br>\u200bnul de 1:1 contre l&rsquo;Azerba&iuml;djan en 2016 et d&rsquo;une victoire record de 8:0 contre<br>\u200bles &Icirc;les Vierges am&eacute;ricaines, le 9 septembre 2018. Il a disput&eacute; son premier<br>\u200bmatch avec le Canada le 25 mars 2016 en Qualifications pour la Coupe du monde<br>\u200bde la FIFA et il a marqu&eacute; son premier but le 7 juillet 2017 &agrave; la Gold Cup de la<br>\u200bConcacaf. Il a &eacute;t&eacute; le comeneur du Canada au chapitre des passes d&eacute;cisives en<br>\u200b2016, avec trois.</p><p>&laquo;&nbsp;J&rsquo;ai<br>\u200bador&eacute; chacune des minutes que j&rsquo;ai pass&eacute;es &agrave; repr&eacute;senter le Canada. Je suis<br>\u200bextr&ecirc;mement reconnaissant d&rsquo;avoir eu toutes ces occasions et ces exp&eacute;riences<br>\u200bsur le terrain et en dehors, a affirm&eacute;&nbsp;Arfield.&nbsp;&Agrave; mes d&eacute;buts dans le<br>\u200bprogramme, j&rsquo;avais dit que cette &eacute;quipe, avec le bon encadrement, allait<br>\u200bpouvoir atteindre son plein potentiel et je suis fier de voir que c&rsquo;est en voie<br>\u200bde se r&eacute;aliser. &raquo;</p><p>En<br>\u200bclub, Arfield a remport&eacute; le championnat de la Premiership &eacute;cossaise avec les<br>\u200bRangers de Glasgow FC en 2020-2021 ainsi que le titre de la D2 anglaise avec<br>\u200bBurnley FC en 2015-2016. Il par ailleurs disput&eacute; trois saisons dans la Premier<br>\u200bLeague et particip&eacute; &agrave; cinq reprises &agrave; des comp&eacute;titions de club &agrave; l&rsquo;&eacute;chelle<br>\u200beurop&eacute;enne, notamment en qualifications pour la Ligue des Champions et l&rsquo;Europa<br>\u200bLeague.</p><p>&laquo;&nbsp;J&rsquo;ai des rapports fantastiques<br>\u200bavec&nbsp;John Herdman&nbsp;et je veux le remercier de m&rsquo;avoir fait confiance<br>\u200bet fait l&rsquo;honneur d&rsquo;agir comme capitaine de l&rsquo;&eacute;quipe &agrave; ses d&eacute;buts comme<br>\u200bentra&icirc;neur-chef, a d&eacute;clar&eacute;&nbsp;Arfield.&nbsp;Merci &agrave; tous les membres du<br>\u200bpersonnel, &agrave; tous les partisans et &agrave; tous les co&eacute;quipiers que j&rsquo;ai eus en cours<br>\u200bde route. J&rsquo;esp&egrave;re de tout c&oelig;ur que les gars se rendront<br>\u200bjusqu&rsquo;au&nbsp;Qatar&nbsp;et feront voir &agrave; la plan&egrave;te &agrave; quel point le niveau de<br>\u200bjeu du soccer canadien est remarquable.</p><p>&laquo;&nbsp;Merci,<br>\u200b&ccedil;&rsquo;a &eacute;t&eacute; un plaisir. &raquo;</p><div class=\"release-content-contact\" id=\"contact-ca73b528-a329-497f-8d8f-d8209be61004\">\n    \n    <div class=\"release-content-contact__details\">\n        <strong class=\"release-content-contact__name\">Paulo Senra</strong>\n        <em class=\"release-content-contact__description\">Chief Communications &amp; Content Officer | Chef des communications et du contenu, Canada Soccer</em>\n        <ul class=\"release-content-contact__details-list\"><li class=\"release-content-contact__details-list-item\"><a href=\"mailto:psenra@canadasoccer.com\"  class=\"release-content-contact__details-list-item-link\" title=\"psenra@canadasoccer.com\"><svg class=\"icon icon-paper-plane release-content-contact__details-list-item-icon\">\n                <use xlink:href=\"#icon-paper-plane\"></use>\n            </svg>psenra@canadasoccer.com</a></li>\n<li class=\"release-content-contact__details-list-item\"><a href=\"tel:(416)&nbsp;882-7919\"  class=\"release-content-contact__details-list-item-link\" title=\"(416)&nbsp;882-7919\"><svg class=\"icon icon-mobile release-content-contact__details-list-item-icon\">\n                <use xlink:href=\"#icon-mobile\"></use>\n            </svg>(416)&nbsp;882-7919</a></li></ul>\n    </div>\n</div>",
    "header": {
        "large": "https://cdn.uc.assets.prezly.com/b66c43a4-d739-471b-af46-7363468803d3/-/preview/1200x1200/-/format/auto/",
        "release": "https://cdn.uc.assets.prezly.com/b66c43a4-d739-471b-af46-7363468803d3/-/preview/1200x1200/-/format/auto/"
    },
    "contacts": [
        {
            "name": "Paulo Senra",
            "company": "Canada Soccer",
            "description": "Chief Communications & Content Officer | Chef des communications et du contenu",
            "email": "psenra@canadasoccer.com",
            "website": null,
            "address": null,
            "telephone": null,
            "mobile": "(416)\u00a0882-7919",
            "twitter": null,
            "facebook": null
        }
    ],
    "author": {
        "first_name": "Integration",
        "last_name": "Integration"
    },
    "format_version": 5
}