{
    "title": "Patrice Bernier honor\u00e9 par le CF Montr\u00e9al",
    "modified_at": "2026-04-29 16:41:22",
    "published_at": "2022-08-21 03:22:00",
    "url": "https://news.canadasoccer.com/patrice-bernier-honore-par-le-cf-montreal",
    "short_url": "http://prez.ly/EbEd",
    "culture": "fr_CA",
    "language": "FR",
    "subtitle": "Le CF Montr\u00e9al a rendu hommage au membre honorable du Temple de la renomm\u00e9e de Canada Soccer Patrice Bernier, le samedi 20 ao\u00fbt, \u00e0 l\u2019occasion d\u2019une pr\u00e9sentation faite pendant un match disput\u00e9 au Stade Saputo. La soir\u00e9e a \u00e9t\u00e9 sp\u00e9ciale pour Bernier, dont le club de longue date a malmen\u00e9 le Revolution \u2026",
    "slug": "patrice-bernier-honore-par-le-cf-montreal",
    "body": "<p>Le CF Montr&eacute;al a rendu hommage au membre honorable du Temple de la renomm&eacute;e de Canada Soccer Patrice Bernier, le samedi 20 ao&ucirc;t, &agrave; l&rsquo;occasion d&rsquo;une pr&eacute;sentation faite pendant un match disput&eacute; au Stade Saputo. La soir&eacute;e a &eacute;t&eacute; sp&eacute;ciale pour Bernier, dont le club de longue date a malmen&eacute; le Revolution de la Nouvelle-Angleterre 4:0 pour se maintenir en deuxi&egrave;me place du classement de l&rsquo;Association de l&rsquo;Est de la MLS.</p><p>Bernier &eacute;tait &acirc;g&eacute; de 20 ans quand il a acc&eacute;d&eacute; aux rangs professionnels avec Montr&eacute;al en 2000 et il a disput&eacute; trois saisons dans la A-League de la USL avant d&rsquo;aller jouer en Europe en 2003. Il est revenu au club en 2012 et a particip&eacute; &agrave; ses six derni&egrave;res saisons avec le club dans la MLS. Il a remport&eacute; des titres du Championnat canadien en 2013 et 2014 et il a aid&eacute; le club &agrave; atteindre la grande finale de l&rsquo;&eacute;dition 2014-2025 de la Ligue des Champions de la Concacaf. Il a remport&eacute; le Troph&eacute;e Giuseppe-Saputo &agrave; titre de joueur le plus utile &agrave; l&rsquo;&eacute;quipe en 2012.</p><p>&laquo;&nbsp;Je connais&nbsp;Patrice&nbsp;depuis plus de 25 ans et j&rsquo;ai eu le privil&egrave;ge de jouer &agrave; ses c&ocirc;t&eacute;s dans les rangs amateurs, universitaires et professionnels autant avec l&rsquo;Impact que l&rsquo;&eacute;quipe nationale, a d&eacute;clar&eacute;&nbsp;l&rsquo;ex-international canadien Gabriel Gervais, qui est aujourd&rsquo;hui&nbsp;pr&eacute;sident et chef de la direction du CF Montr&eacute;al. Il a beaucoup donn&eacute; au soccer et &agrave; la communaut&eacute;, autant &agrave; l&rsquo;&eacute;chelle provinciale que nationale. Il m&eacute;rite tout &agrave; fait cet honneur. Je suis fier qu&rsquo;un des n&ocirc;tres, un ancien capitaine qui a &eacute;crit l&rsquo;histoire avec le club, vienne s&rsquo;ajouter &agrave; la liste des grands qui sont immortalis&eacute;s par le Temple de la renomm&eacute;e de&nbsp;Canada Soccer. &raquo;</p><div class=\"release-content-contact\" id=\"contact-6ca4629e-861d-4200-8495-49d4f6237800\">\n    \n    <div class=\"release-content-contact__details\">\n        <strong class=\"release-content-contact__name\">Paulo Senra</strong>\n        <em class=\"release-content-contact__description\">Chief Communications &amp; Content Officer | Chef des communications et du contenu, Canada Soccer</em>\n        <ul class=\"release-content-contact__details-list\"><li class=\"release-content-contact__details-list-item\"><a href=\"mailto:psenra@canadasoccer.com\"  class=\"release-content-contact__details-list-item-link\" title=\"psenra@canadasoccer.com\"><svg class=\"icon icon-paper-plane release-content-contact__details-list-item-icon\">\n                <use xlink:href=\"#icon-paper-plane\"></use>\n            </svg>psenra@canadasoccer.com</a></li>\n<li class=\"release-content-contact__details-list-item\"><a href=\"tel:(416)&nbsp;882-7919\"  class=\"release-content-contact__details-list-item-link\" title=\"(416)&nbsp;882-7919\"><svg class=\"icon icon-mobile release-content-contact__details-list-item-icon\">\n                <use xlink:href=\"#icon-mobile\"></use>\n            </svg>(416)&nbsp;882-7919</a></li></ul>\n    </div>\n</div>",
    "header": {
        "large": "https://cdn.uc.assets.prezly.com/0059fbca-9bcc-435f-8bb9-078ff13c2007/-/format/auto/",
        "release": "https://cdn.uc.assets.prezly.com/0059fbca-9bcc-435f-8bb9-078ff13c2007/-/format/auto/"
    },
    "contacts": [
        {
            "name": "Paulo Senra",
            "company": "Canada Soccer",
            "description": "Chief Communications & Content Officer | Chef des communications et du contenu",
            "email": "psenra@canadasoccer.com",
            "website": null,
            "address": null,
            "telephone": null,
            "mobile": "(416)\u00a0882-7919",
            "twitter": null,
            "facebook": null
        }
    ],
    "author": {
        "first_name": "Integration",
        "last_name": "Integration"
    },
    "format_version": 5
}