{
    "title": "Nik Ledgerwood annonce sa retraite",
    "modified_at": "2026-04-29 16:53:26",
    "published_at": "2022-01-31 22:20:00",
    "url": "https://news.canadasoccer.com/nik-ledgerwood-annonce-sa-retraite",
    "short_url": "http://prez.ly/HdEd",
    "culture": "fr_CA",
    "language": "FR",
    "subtitle": "Nik Ledgerwood, qui a port\u00e9 le brassard de capitaine avec le Canada quand il a atteint le plateau des 50 s\u00e9lections internationales \u2018A\u2019 en 2017, a annonc\u00e9 qu\u2019il se retirait du football en tant que joueur actif. Celui qui a r\u00e9cemment \u00e9t\u00e9 capitaine du Cavalry FC a repr\u00e9sent\u00e9 l\u2019\u00e9quipe nationale masculi\u2026",
    "slug": "nik-ledgerwood-annonce-sa-retraite",
    "body": "<p>Nik<br>\u200bLedgerwood, qui a port&eacute; le brassard de capitaine avec le Canada quand il a<br>\u200batteint le plateau des 50 s&eacute;lections internationales &lsquo;A&rsquo; en 2017, a annonc&eacute;<br>\u200bqu&rsquo;il se retirait du football en tant que joueur actif. Celui qui a r&eacute;cemment<br>\u200b&eacute;t&eacute; capitaine du Cavalry FC a repr&eacute;sent&eacute; l&rsquo;&eacute;quipe nationale masculine de Canada<br>\u200bSoccer de 2007 &agrave; 2017 et il a jou&eacute; en club dans les rangs professionnels au<br>\u200bCanada, en Su&egrave;de et en Allemagne.</p><p>Ledgerwood s&rsquo;est align&eacute; avec le Canada<br>\u200bdans le cadre de cycles de qualification pour la Coupe du Monde de la FIFA et &agrave;<br>\u200btrois pr&eacute;sentations de la Gold Cup de la Concacaf. Il a par ailleurs particip&eacute;<br>\u200b&agrave; une p&eacute;riode de qualification olympique de la Concacaf chez les hommes et &agrave;<br>\u200bdeux tournois de la Coupe du Monde U-20 de la FIFA, incluant celui o&ugrave; le Canada<br>\u200ba atteint les quarts de finale aux &Eacute;mirats arabes unis en 2003. De 2007 &agrave; 2017<br>\u200bavec l&rsquo;&eacute;quipe nationale masculine de Canada Soccer, il a eu droit &agrave; 50<br>\u200bs&eacute;lections internationales &lsquo;A&rsquo;, obtenant un d&eacute;part &agrave; titre de capitaine du<br>\u200bCanada. Il a notamment men&eacute; le Canada au chapitre des minutes disput&eacute;es en<br>\u200b2013.</p><p>Il avait 22 ans quand il a &eacute;t&eacute; rappel&eacute;<br>\u200bpour la premi&egrave;re fois et il a disput&eacute; son premier match international &lsquo;A&rsquo; le 22<br>\u200bao&ucirc;t 2007, &agrave; l&rsquo;occasion d&rsquo;un nul de 1:1 contre l&rsquo;Islande. &Agrave; titre de d&eacute;fenseur<br>\u200bet de milieu de terrain pour le Canada, il a marqu&eacute; son seul but international<br>\u200ble 6 septembre 2016 dans le cadre d&rsquo;une victoire de 3:1 contre le Salvador<br>\u200bd&eacute;croch&eacute;e en qualifications pour la Coupe du Monde de la FIFA au Stade BC Place<br>\u200bde Vancouver.</p><p>Dans les rangs professionnels,<br>\u200bLedgerwood est pass&eacute; du Storm de Calgary au TSV 1860 Munich en Allemagne en<br>\u200b2002. Il a ensuite rejoint les rangs du SV Wacker Burghausen (en pr&ecirc;t), du FSV<br>\u200bFrancfort et du Wehen Wiesbaden avant de se rendre en Su&egrave;de pour s&rsquo;aligner avec<br>\u200bHammarby IF. Il est ensuite retourn&eacute; en Allemagne, o&ugrave; il a jou&eacute; pour MSV<br>\u200bDuisbourg et Energie Cottbus avant de revenir au Canada et s&rsquo;aligner avec le FC<br>\u200bEdmonton. Il a ensuite jou&eacute; pour le Calgary Foothills SC et il a &eacute;t&eacute; un des<br>\u200bmembres de l&rsquo;&eacute;dition inaugurale du Cavalry FC en 2019.</p><p>Ledgerwood, qui avait sept ans quand il<br>\u200ba commenc&eacute; &agrave; jouer au soccer avec le Cosmos de Lethbridge SC, a obtenu sa<br>\u200blicence B de certification d&rsquo;entra&icirc;neur de Canada Soccer en 2017.</p><div class=\"release-content-contact\" id=\"contact-572a75b6-fa19-42b4-bb70-f925702145ab\">\n    \n    <div class=\"release-content-contact__details\">\n        <strong class=\"release-content-contact__name\">Paulo Senra</strong>\n        <em class=\"release-content-contact__description\">Chief Communications &amp; Content Officer | Chef des communications et du contenu, Canada Soccer</em>\n        <ul class=\"release-content-contact__details-list\"><li class=\"release-content-contact__details-list-item\"><a href=\"mailto:psenra@canadasoccer.com\"  class=\"release-content-contact__details-list-item-link\" title=\"psenra@canadasoccer.com\"><svg class=\"icon icon-paper-plane release-content-contact__details-list-item-icon\">\n                <use xlink:href=\"#icon-paper-plane\"></use>\n            </svg>psenra@canadasoccer.com</a></li>\n<li class=\"release-content-contact__details-list-item\"><a href=\"tel:(416)&nbsp;882-7919\"  class=\"release-content-contact__details-list-item-link\" title=\"(416)&nbsp;882-7919\"><svg class=\"icon icon-mobile release-content-contact__details-list-item-icon\">\n                <use xlink:href=\"#icon-mobile\"></use>\n            </svg>(416)&nbsp;882-7919</a></li></ul>\n    </div>\n</div>",
    "header": {
        "large": "https://cdn.uc.assets.prezly.com/705fc107-d566-4fb8-b74a-11fde1a8cb21/-/preview/1200x1200/-/format/auto/",
        "release": "https://cdn.uc.assets.prezly.com/705fc107-d566-4fb8-b74a-11fde1a8cb21/-/preview/1200x1200/-/format/auto/"
    },
    "contacts": [
        {
            "name": "Paulo Senra",
            "company": "Canada Soccer",
            "description": "Chief Communications & Content Officer | Chef des communications et du contenu",
            "email": "psenra@canadasoccer.com",
            "website": null,
            "address": null,
            "telephone": null,
            "mobile": "(416)\u00a0882-7919",
            "twitter": null,
            "facebook": null
        }
    ],
    "author": {
        "first_name": "Integration",
        "last_name": "Integration"
    },
    "format_version": 5
}