{
    "title": "Mauro Biello intronis\u00e9 au Mur de la renomm\u00e9e du CF Montr\u00e9al\u00a0",
    "modified_at": "2026-04-29 16:44:42",
    "published_at": "2022-07-17 03:22:00",
    "url": "https://news.canadasoccer.com/mauro-biello-intronise-au-mur-de-la-renommee-du-cf-montreal",
    "short_url": "http://prez.ly/ncEd",
    "culture": "fr_CA",
    "language": "FR",
    "subtitle": "Le h\u00e9ros montr\u00e9alais Mauro Biello a \u00e9t\u00e9 honor\u00e9 par son ancien club en \u00e9tant intronis\u00e9 au Mur de la renomm\u00e9e du CF Montr\u00e9al. L\u2019hommage \u00e0 Biello a eu lieu le samedi 16 juillet avant le match \u00e0 domicile de l\u2019\u00e9quipe contre Toronto FC au Stade Saputo. Biello est devenu le quatri\u00e8me joueur intronis\u00e9 sur l\u2026",
    "slug": "mauro-biello-intronise-au-mur-de-la-renommee-du-cf-montreal",
    "body": "<p>Le h&eacute;ros montr&eacute;alais Mauro Biello&nbsp;a &eacute;t&eacute; honor&eacute; par son ancien club en &eacute;tant intronis&eacute; au Mur de la renomm&eacute;e du CF Montr&eacute;al. L&rsquo;hommage &agrave; Biello a eu lieu le samedi 16 juillet avant le match &agrave; domicile de l&rsquo;&eacute;quipe contre&nbsp;Toronto FC au&nbsp;Stade Saputo. Biello&nbsp;est devenu le quatri&egrave;me joueur intronis&eacute; sur le Mur de la renomm&eacute;e&nbsp;du&nbsp;CF Montr&eacute;al&nbsp;apr&egrave;s&nbsp;Nevio Pizzolitto (2018), Gabriel Gervais (2018)&nbsp;et&nbsp;Greg Sutton (2019).</p><p>Biello, un ancien capitaine d&rsquo;&eacute;quipe dont le num&eacute;ro 20 a &eacute;t&eacute; retir&eacute; par le club, a remport&eacute; la Coupe du Commissaire cinq fois &agrave; titre de champion de la saison r&eacute;guli&egrave;re dans la A-League / USLD1 (1995, 1996, 1997, 2005, 2006), le Championnat de l&rsquo;APSL / USLD1 &agrave; trois reprises (1994, 2004, 2009) et la premi&egrave;re &eacute;dition du Championnat canadien (2008). Il a &eacute;t&eacute; le capitaine de l&rsquo;&eacute;quipe de 2002 &agrave; 2009.</p><p>Un des membres de l&rsquo;&eacute;dition inaugurale du club en 1993, Biello a d&eacute;croch&eacute; le Troph&eacute;e Giuseppe-Saputo quatre fois en tant que Joueur le plus utile &agrave; son &eacute;quipe au sein du club (1997, 1998, 2001 et 2005). Au moment de prendre sa retraite en 2009, il &eacute;tait le meneur de tous les temps du club pour les matchs disput&eacute;s, les minutes de jeu, les buts et les passes d&eacute;cisives.</p><p>Apr&egrave;s sa retraite comme joueur, Biello a agi comme entra&icirc;neur adjoint du club et, ensuite, comme entra&icirc;neur-chef de 2015 &agrave; 2017. Il &eacute;tait entra&icirc;neur adjoint quand Montr&eacute;al a remport&eacute; le Championnat canadien en 2013 et 2014 et il a &eacute;t&eacute; vice-champion de la Ligue des Champions de la Concacaf 2014-2015. Dans le poste d&rsquo;entra&icirc;neur-chef, il a aid&eacute; Montr&eacute;al &agrave; atteindre les quarts de finale du tournoi de la Coupe de la MLS en 2015 et les demi-finales en 2016.</p><p>Au fil de sa carri&egrave;re dans les rangs professionnels, Biello a par ailleurs repr&eacute;sent&eacute; le Canada au cours de deux p&eacute;riodes de qualifications pour la Coupe du Monde de la FIFA et &agrave; l&rsquo;occasion d&rsquo;une &eacute;dition des qualifications pour la Gold Cup de la Concacaf. Depuis 2018, il occupe le poste d&rsquo;entra&icirc;neur adjoint avec l&rsquo;&eacute;quipe nationale masculine de Canada Soccer, aidant notamment le Canada &agrave; se qualifier pour la Coupe du Monde de la FIFA Qatar 2022&trade; et &agrave; terminer au sommet du classement en ronde finale de qualification de la Concacaf.</p><div class=\"release-content-contact\" id=\"contact-68e2472b-ea83-44a9-a1f2-bc21255d6d20\">\n    \n    <div class=\"release-content-contact__details\">\n        <strong class=\"release-content-contact__name\">Paulo Senra</strong>\n        <em class=\"release-content-contact__description\">Chief Communications &amp; Content Officer | Chef des communications et du contenu, Canada Soccer</em>\n        <ul class=\"release-content-contact__details-list\"><li class=\"release-content-contact__details-list-item\"><a href=\"mailto:psenra@canadasoccer.com\"  class=\"release-content-contact__details-list-item-link\" title=\"psenra@canadasoccer.com\"><svg class=\"icon icon-paper-plane release-content-contact__details-list-item-icon\">\n                <use xlink:href=\"#icon-paper-plane\"></use>\n            </svg>psenra@canadasoccer.com</a></li>\n<li class=\"release-content-contact__details-list-item\"><a href=\"tel:(416)&nbsp;882-7919\"  class=\"release-content-contact__details-list-item-link\" title=\"(416)&nbsp;882-7919\"><svg class=\"icon icon-mobile release-content-contact__details-list-item-icon\">\n                <use xlink:href=\"#icon-mobile\"></use>\n            </svg>(416)&nbsp;882-7919</a></li></ul>\n    </div>\n</div>",
    "header": {
        "large": "https://cdn.uc.assets.prezly.com/bc1ffe9e-df52-44fe-8da5-16f9c7987862/-/format/auto/",
        "release": "https://cdn.uc.assets.prezly.com/bc1ffe9e-df52-44fe-8da5-16f9c7987862/-/format/auto/"
    },
    "contacts": [
        {
            "name": "Paulo Senra",
            "company": "Canada Soccer",
            "description": "Chief Communications & Content Officer | Chef des communications et du contenu",
            "email": "psenra@canadasoccer.com",
            "website": null,
            "address": null,
            "telephone": null,
            "mobile": "(416)\u00a0882-7919",
            "twitter": null,
            "facebook": null
        }
    ],
    "author": {
        "first_name": "Integration",
        "last_name": "Integration"
    },
    "format_version": 5
}