{
    "title": "L\u2019ancien international canadien Andr\u00e9 Hainault accroche ses crampons",
    "modified_at": "2026-04-29 16:42:29",
    "published_at": "2022-08-12 14:28:00",
    "url": "https://news.canadasoccer.com/lancien-international-canadien-andre-hainault-accroche-ses-crampons",
    "short_url": "http://prez.ly/PbEd",
    "culture": "fr_CA",
    "language": "FR",
    "subtitle": "Andr\u00e9 Hainault, un ancien demi-finaliste de la Concacaf qui a par ailleurs repr\u00e9sent\u00e9 le Canada dans trois cycles de qualification pour la Coupe du Monde de la FIFA, a annonc\u00e9 qu\u2019il prenait sa retraite du football en tant que joueur actif. Hainault a disput\u00e9 44 matchs internationaux \u00ab A \u00bb avec le Ca\u2026",
    "slug": "lancien-international-canadien-andre-hainault-accroche-ses-crampons",
    "body": "<p>Andr&eacute; Hainault, un ancien demi-finaliste de la Concacaf qui a par ailleurs repr&eacute;sent&eacute; le Canada dans trois cycles de qualification pour la Coupe du Monde de la FIFA, a annonc&eacute; qu&rsquo;il prenait sa retraite du football en tant que joueur actif. Hainault a disput&eacute; 44 matchs internationaux &laquo; A &raquo; avec le Canada en l&rsquo;espace de 11 ans, de 2006 &agrave; 2016, lui qui a notamment disput&eacute; cinq matchs comme partant au poste de d&eacute;fenseur central pour le Canada au cours du fabuleux parcours de l&rsquo;&eacute;quipe au tournoi de la Gold Cup de la Concacaf en 2007.</p><p>Hainault a Hainault a le plus r&eacute;cemment port&eacute; les couleurs du FC Kaiserslautern en Allemagne et il sera maintenant entra&icirc;neur adjoint de la formation des moins de 23 ans du FSV Mainz 05. Il a jou&eacute; au Canada, en R&eacute;publique tch&egrave;que, aux &Eacute;tats-Unis, en &Eacute;cosse et en Allemagne au fil de sa carri&egrave;re en club, disputant notamment des matchs internationaux de club en Ligue des Champions de la Concacaf.</p><p>Au total, Hainault a repr&eacute;sent&eacute; le Canada dans quatre &eacute;ditions de la Gold Cup de la Concacaf, ce qui lui a notamment permis d&rsquo;atteindre les demi-finales en 2007 et les quarts de finale en 2009. Il avait 20 ans quand il a particip&eacute; &agrave; son premier match international avec le Canada, le 15 novembre 2006, et c&rsquo;est seulement deux ans plus tard qu&rsquo;il a marqu&eacute; son premier but international dans un match des qualifications de la Concacaf pour le Coupe du Monde de la FIFA Afrique du Sud 2010&trade; au c&eacute;l&egrave;bre Estadio Ol&iacute;mpico Metropolitano &agrave; San Pedro Sula, au Honduras. Il a inscrit son deuxi&egrave;me but international au moyen d&rsquo;une reprise de t&ecirc;te qu&rsquo;il a effectu&eacute;e &agrave; la suite d&rsquo;un coup de pied de coin &agrave; l&rsquo;occasion d&rsquo;une victoire de 1:0 d&eacute;croch&eacute;e contre le B&eacute;larus en 2011.</p><p>Hainault a par ailleurs agi comme capitaine du Canada dans des tournois de cat&eacute;gories jeunesse, notamment &agrave; l&rsquo;occasion du Championnat U17 de la Concacaf en 2003 ainsi qu&rsquo;en qualification olympique masculine de la Concacaf pour les Jeux de Beijing 2008. &Agrave; la suite de ses d&eacute;buts internationaux au sein du programme canadien juv&eacute;nile en 2001 &agrave; l&rsquo;&acirc;ge de 15 ans, il a repr&eacute;sent&eacute; le Canada &agrave; la Coupe du Monde U20 de la FIFA, Pays-Bas 2005 et dans trois tournois de cat&eacute;gories jeunesse de la Concacaf.</p><p>Nomm&eacute; Joueur de l&rsquo;ann&eacute;e de Soccer Qu&eacute;bec &agrave; une occasion, Hainault a lanc&eacute; sa carri&egrave;re dans les rangs jeunesse avec l&rsquo;AS Hudson et il a ensuite jou&eacute; pour les Lakers du Lac St-Louis, d&eacute;crochant notamment une m&eacute;daille d&rsquo;argent &agrave; la Coupe U18 de Canada Soccer en 2002. Dans les rangs professionnels, il a fait ses d&eacute;buts avec l&rsquo;&eacute;quipe championne de l&rsquo;Impact de Montr&eacute;al dans la d&eacute;funte A-League en USL. Il a ensuite notamment &eacute;volu&eacute; dans la MLS, D1 d&rsquo;&Eacute;cosse, en D1 de la R&eacute;publique tch&egrave;que, ainsi qu&rsquo;en D2 et D3 d&rsquo;Allemagne.</p><div class=\"release-content-contact\" id=\"contact-1a7b02b8-b40b-4a93-bf1e-57a1ba0801a2\">\n    \n    <div class=\"release-content-contact__details\">\n        <strong class=\"release-content-contact__name\">Paulo Senra</strong>\n        <em class=\"release-content-contact__description\">Chief Communications &amp; Content Officer | Chef des communications et du contenu, Canada Soccer</em>\n        <ul class=\"release-content-contact__details-list\"><li class=\"release-content-contact__details-list-item\"><a href=\"mailto:psenra@canadasoccer.com\"  class=\"release-content-contact__details-list-item-link\" title=\"psenra@canadasoccer.com\"><svg class=\"icon icon-paper-plane release-content-contact__details-list-item-icon\">\n                <use xlink:href=\"#icon-paper-plane\"></use>\n            </svg>psenra@canadasoccer.com</a></li>\n<li class=\"release-content-contact__details-list-item\"><a href=\"tel:(416)&nbsp;882-7919\"  class=\"release-content-contact__details-list-item-link\" title=\"(416)&nbsp;882-7919\"><svg class=\"icon icon-mobile release-content-contact__details-list-item-icon\">\n                <use xlink:href=\"#icon-mobile\"></use>\n            </svg>(416)&nbsp;882-7919</a></li></ul>\n    </div>\n</div>",
    "header": {
        "large": "https://cdn.uc.assets.prezly.com/ce807aa8-5d39-4704-8ab1-df34251fc4a6/-/format/auto/",
        "release": "https://cdn.uc.assets.prezly.com/ce807aa8-5d39-4704-8ab1-df34251fc4a6/-/format/auto/"
    },
    "contacts": [
        {
            "name": "Paulo Senra",
            "company": "Canada Soccer",
            "description": "Chief Communications & Content Officer | Chef des communications et du contenu",
            "email": "psenra@canadasoccer.com",
            "website": null,
            "address": null,
            "telephone": null,
            "mobile": "(416)\u00a0882-7919",
            "twitter": null,
            "facebook": null
        }
    ],
    "author": {
        "first_name": "Integration",
        "last_name": "Integration"
    },
    "format_version": 5
}