{
    "title": "La championne olympique Stephanie Labb\u00e9 annonce qu\u2019elle prendra sa retraite au printemps 2022",
    "modified_at": "2026-04-29 16:54:20",
    "published_at": "2022-01-19 17:06:00",
    "url": "https://news.canadasoccer.com/la-championne-olympique-stephanie-labbe-annonce-quelle-prendra-sa-retraite-au-printemps-2022",
    "short_url": "http://prez.ly/RdEd",
    "culture": "fr_CA",
    "language": "FR",
    "subtitle": "La gardienne de but et championne olympique Stephanie Labb\u00e9 a annonc\u00e9 qu\u2019elle prendra bient\u00f4t sa retraite du football en tant que joueuse active. Labb\u00e9 a quitt\u00e9 le Paris Saint-Germain FC apr\u00e8s la pause hivernale et pr\u00e9voit accrocher ses crampons \u00e0 la suite d\u2019un match international amical \u00e0 venir de \u2026",
    "slug": "la-championne-olympique-stephanie-labbe-annonce-quelle-prendra-sa-retraite-au-printemps-2022",
    "body": "<p>La gardienne de but et championne olympique Stephanie Labb&eacute; a annonc&eacute; qu&rsquo;elle prendra bient&ocirc;t sa retraite du football en tant que joueuse active. Labb&eacute; a quitt&eacute; le Paris Saint-Germain FC apr&egrave;s la pause hivernale et pr&eacute;voit accrocher ses crampons &agrave; la suite d&rsquo;un match international amical &agrave; venir de l&rsquo;&eacute;quipe nationale f&eacute;minine de Canada Soccer, au printemps 2022.</p><p>&laquo; Le&nbsp;leadership,&nbsp;les&nbsp;performances&nbsp;et la&nbsp;confiance&nbsp;que Steph a affich&eacute;s cet &eacute;t&eacute;&nbsp;sont une belle illustration de son influence&nbsp;sur l&rsquo;&eacute;quipe nationale f&eacute;minine de&nbsp;Canada Soccer,&nbsp;a d&eacute;clar&eacute;&nbsp;Bev Priestman,&nbsp;entra&icirc;neure-chef de l&rsquo;&eacute;quipe nationale f&eacute;minine de&nbsp;Canada Soccer.&nbsp;Je ne peux imaginer plus belle fa&ccedil;on de quitter, apr&egrave;s avoir fait preuve d&rsquo;autant d&rsquo;engagement &agrave; l&rsquo;&eacute;gard du programme, qu&rsquo;&agrave; la suite de ces performances de classe mondiale qu&rsquo;elle a r&eacute;guli&egrave;rement affich&eacute;es sur la plus grande sc&egrave;ne mondiale, ce qui a permis &agrave; son pays de remporter la m&eacute;daille d&rsquo;or. Je sais que Steph est pr&ecirc;te &agrave; passer &agrave; la phase suivante de sa vie et, au nom de l&rsquo;&eacute;quipe, j&rsquo;aimerais remercier&nbsp;Steph&nbsp;pour son d&eacute;vouement&nbsp;soutenu et pour tout ce qu&rsquo;elle a fait pour ce pays. Elle nous manquera beaucoup. &raquo;</p><p>La carri&egrave;re de Labb&eacute; en tant que joueuse professionnelle et internationale s&rsquo;&eacute;tendra donc sur une p&eacute;riode de 19 ans, elle qui a &eacute;t&eacute; invit&eacute;e &agrave; faire partie de l&rsquo;&eacute;quipe nationale f&eacute;minine de Canada Soccer pour la premi&egrave;re fois en ao&ucirc;t 2004, &agrave; l&rsquo;&acirc;ge de 17 ans. C&rsquo;est aussi &agrave; ce moment-l&agrave; qu&rsquo;elle a disput&eacute; sa premi&egrave;re saison dans la W-League de la USL avec les Aviators d&rsquo;Edmonton. Dans les rangs universitaires, elle s&rsquo;est align&eacute;e avec l&rsquo;Universit&eacute; du Connecticut. Elle a ensuite particip&eacute; &agrave; son premier match international &lsquo;A&rsquo; le 27 juillet 2008, dans le cadre d&rsquo;un match amical contre Singapour. Elle a par ailleurs &eacute;t&eacute; nomm&eacute;e Gardienne de but de l&rsquo;ann&eacute;e dans l&rsquo;Association Big East en 2008.</p><p>Labb&eacute; a repr&eacute;sent&eacute; le Canada &agrave; trois &eacute;ditions de la Coupe du Monde F&eacute;minine de la FIFA, &agrave; deux tournois olympiques et quatre tournois de la Concacaf. Elle a remport&eacute; le Championnat de la Concacaf en 2010, la m&eacute;daille de bronze olympique en 2016 et la m&eacute;daille d&rsquo;or olympique en 2021. Elle a par ailleurs mis la main sur trois m&eacute;dailles d&rsquo;argent de la Concacaf, remportant notamment le Gant d&rsquo;or et &eacute;tant choisie au sein du XI &Eacute;toile du Tournoi f&eacute;minin de qualification olympique de la Concacaf 2020.</p><p>En fin d&rsquo;ann&eacute;e 2021, elle avait eu droit &agrave; 85 s&eacute;lections internationales &lsquo;A&rsquo; et sign&eacute; 44 blanchissages (dont 31 victoires par jeu blanc). Elle a &eacute;t&eacute; la meneuse du Canada pour les blanchissages six saisons de suite de 2016 &agrave; 2021, elle qui a notamment enregistr&eacute; un nombre record de neuf jeux blancs d&rsquo;affil&eacute;e en 2021, ce qui lui avait valu de finir au deuxi&egrave;me rang du scrutin pour le titre de Joueuse de l&rsquo;ann&eacute;e de Canada Soccer cette ann&eacute;e-l&agrave;. Elle a aussi &eacute;t&eacute; une des trois finalistes pour le prix The Best &ndash; Gardienne de but de la FIFA &agrave; l&rsquo;issue de la saison 2020-2021. Elle a fait partie de l&rsquo;&eacute;quipe nationale f&eacute;minine de Canada Soccer quand celle-ci a &eacute;t&eacute; proclam&eacute;e &Eacute;quipe canadienne de l&rsquo;ann&eacute;e par Postmedia en 2016 et 2021 ainsi qu&rsquo;&Eacute;quipe canadienne de l&rsquo;ann&eacute;e de La Presse Canadienne en 2021.</p><p>En club, Labb&eacute; s&rsquo;est align&eacute;e avec les Aviators d&rsquo;Edmonton puis le Mutiny de la Nouvelle-Angleterre entre ses saisons dans les rangs universitaires, puis elle est pass&eacute;e dans les rangs professionnels avec le Pite&aring; IF en Su&egrave;de. En 2014, elle a aid&eacute; le KIF &Ouml;rebro &agrave; terminer au deuxi&egrave;me rang du classement de la ligue. Quand elle a rejoint les rangs de la National Women&rsquo;s Soccer League, elle a aid&eacute; le Spirit de Washington &agrave; finir deuxi&egrave;me au classement de la ligue et &agrave; atteindre la Finale de la NWSL en 2016.</p><p>Labb&eacute; a particip&eacute; pour la premi&egrave;re fois &agrave; la Ligue des Championnes f&eacute;minine de l&rsquo;UEFA avec le Link&ouml;pings FC en 2018 et elle a ensuite remport&eacute; le titre de la saison r&eacute;guli&egrave;re de la NWSL ainsi que le Championnat de la NWSL avec le Courage de la Caroline du Nord en 2019. Elle a ensuite aid&eacute; le FC Roseng&aring;rd &agrave; atteindre les quarts de finale de la Ligue des Champions de l&rsquo;UEFA 2020-2021 avant de remporter la m&eacute;daille d&rsquo;or avec le Canada aux Jeux olympiques. Elle a compl&eacute;t&eacute; sa carri&egrave;re professionnelle avec le Paris Saint-Germain FC en 2021.</p><p>Avec les &eacute;quipes canadiennes juv&eacute;niles, Labb&eacute; a remport&eacute; des m&eacute;dailles dans deux tournois juv&eacute;niles de la Concacaf (l&rsquo;or en 2004 et l&rsquo;argent en 2006) et elle a repr&eacute;sent&eacute; le Canada au Championnat du monde f&eacute;minin U-19 de la FIFA Tha&iuml;lande 2004 de m&ecirc;me qu&rsquo;&agrave; la Coupe du Monde F&eacute;minine U-20 de la FIFA Russie 2006.&nbsp;Elle a aussi rafl&eacute; la m&eacute;daille d&rsquo;argent aux Jeux panam&eacute;ricains en 2003.</p><p>Labb&eacute;, qui avait 12 ans quand elle a commenc&eacute; &agrave; jouer au soccer avec les Saints de Spruce Grove, a aussi &eacute;volu&eacute; dans les rangs juv&eacute;niles avec Mill Woods SC &agrave; Edmonton. Elle a fait partie du Centre national d&rsquo;entra&icirc;nement de Canada Soccer quand elle &eacute;tait d&rsquo;&acirc;ge juv&eacute;nile et elle a remport&eacute; une m&eacute;daille d&rsquo;or avec l&rsquo;Alberta au tournoi des s&eacute;lections provinciales U-17 en 2003.</p><div class=\"release-content-contact\" id=\"contact-9d8c7306-5ba1-433e-ab50-2835eb3ee19f\">\n    \n    <div class=\"release-content-contact__details\">\n        <strong class=\"release-content-contact__name\">Paulo Senra</strong>\n        <em class=\"release-content-contact__description\">Chief Communications &amp; Content Officer | Chef des communications et du contenu, Canada Soccer</em>\n        <ul class=\"release-content-contact__details-list\"><li class=\"release-content-contact__details-list-item\"><a href=\"mailto:psenra@canadasoccer.com\"  class=\"release-content-contact__details-list-item-link\" title=\"psenra@canadasoccer.com\"><svg class=\"icon icon-paper-plane release-content-contact__details-list-item-icon\">\n                <use xlink:href=\"#icon-paper-plane\"></use>\n            </svg>psenra@canadasoccer.com</a></li>\n<li class=\"release-content-contact__details-list-item\"><a href=\"tel:(416)&nbsp;882-7919\"  class=\"release-content-contact__details-list-item-link\" title=\"(416)&nbsp;882-7919\"><svg class=\"icon icon-mobile release-content-contact__details-list-item-icon\">\n                <use xlink:href=\"#icon-mobile\"></use>\n            </svg>(416)&nbsp;882-7919</a></li></ul>\n    </div>\n</div>",
    "header": {
        "large": "https://cdn.uc.assets.prezly.com/a105e57c-6134-4bef-bcdf-e1e1d44129b0/-/preview/1200x1200/-/format/auto/",
        "release": "https://cdn.uc.assets.prezly.com/a105e57c-6134-4bef-bcdf-e1e1d44129b0/-/preview/1200x1200/-/format/auto/"
    },
    "contacts": [
        {
            "name": "Paulo Senra",
            "company": "Canada Soccer",
            "description": "Chief Communications & Content Officer | Chef des communications et du contenu",
            "email": "psenra@canadasoccer.com",
            "website": null,
            "address": null,
            "telephone": null,
            "mobile": "(416)\u00a0882-7919",
            "twitter": null,
            "facebook": null
        }
    ],
    "author": {
        "first_name": "Integration",
        "last_name": "Integration"
    },
    "format_version": 5
}