{
    "title": "Alphonso Davies ratera la prochaine fen\u00eatre hivernale pour les qualifications de la Coupe du monde de la FIFA",
    "modified_at": "2026-04-29 16:54:50",
    "published_at": "2022-01-14 16:55:00",
    "url": "https://news.canadasoccer.com/alphonso-davies-ratera-la-prochaine-fenetre-hivernale-pour-les-qualifications-de-la-coupe-du-monde-de-la-fifa",
    "short_url": "http://prez.ly/WdEd",
    "culture": "fr_CA",
    "language": "FR",
    "subtitle": "Alphonso Davies ratera la prochaine fen\u00eatre internationale hivernale de 2022 qui comportera trois matchs de la ronde finale de la Concacaf en vue des qualifications de la Coupe du monde de la FIFA. Davies a \u00e9t\u00e9 d\u00e9clar\u00e9 inadmissible par le FC Bayern M\u00fcnchen apr\u00e8s que le club eut d\u00e9tect\u00e9 une l\u00e9g\u00e8re my\u2026",
    "slug": "alphonso-davies-ratera-la-prochaine-fenetre-hivernale-pour-les-qualifications-de-la-coupe-du-monde-de-la-fifa",
    "body": "<p>Alphonso Davies ratera la prochaine fen&ecirc;tre internationale hivernale de 2022 qui comportera trois matchs de la ronde finale de la Concacaf en vue des qualifications de la Coupe du monde de la FIFA. Davies a &eacute;t&eacute; d&eacute;clar&eacute; inadmissible par le FC Bayern M&uuml;nchen apr&egrave;s que le club eut d&eacute;tect&eacute; une l&eacute;g&egrave;re myocardite &agrave; la suite d&rsquo;une infection &agrave; la COVID-19.</p><blockquote>Personalupdate: Davies f&auml;llt aus, 6 R&uuml;ckkehrer im Kader?: https://t.co/32jem0igOjGute Genesung, Phonzy!#FCBayern &mdash; FC Bayern M&uuml;nchen (@FCBayern) January 14, 2022</blockquote><p>L&rsquo;&eacute;quipe<br>\u200bnationale masculine de Canada Soccer a encore six matchs &agrave; jouer en ronde<br>\u200bfinale de qualifications de la Concacaf pour la Coupe du Monde de la FIFA,<br>\u200bnotamment les trois prochains pr&eacute;vus dans le cadre de la fen&ecirc;tre internationale<br>\u200bde la FIFA de 10 jours, soit du 24 janvier au 2 f&eacute;vrier 2022. Le premier de ces<br>\u200bmatchs se disputera le 27 janvier 2022 &agrave; San Pedro Sula au Honduras, suivi d&rsquo;un<br>\u200bmatch &agrave; domicile le 30 janvier et finalement une rencontre &agrave; San Salvador le 2 f&eacute;vrier.</p><div class=\"release-content-contact\" id=\"contact-f9644562-8aa2-4bf4-b485-f9f949410491\">\n    \n    <div class=\"release-content-contact__details\">\n        <strong class=\"release-content-contact__name\">Paulo Senra</strong>\n        <em class=\"release-content-contact__description\">Chief Communications &amp; Content Officer | Chef des communications et du contenu, Canada Soccer</em>\n        <ul class=\"release-content-contact__details-list\"><li class=\"release-content-contact__details-list-item\"><a href=\"mailto:psenra@canadasoccer.com\"  class=\"release-content-contact__details-list-item-link\" title=\"psenra@canadasoccer.com\"><svg class=\"icon icon-paper-plane release-content-contact__details-list-item-icon\">\n                <use xlink:href=\"#icon-paper-plane\"></use>\n            </svg>psenra@canadasoccer.com</a></li>\n<li class=\"release-content-contact__details-list-item\"><a href=\"tel:(416)&nbsp;882-7919\"  class=\"release-content-contact__details-list-item-link\" title=\"(416)&nbsp;882-7919\"><svg class=\"icon icon-mobile release-content-contact__details-list-item-icon\">\n                <use xlink:href=\"#icon-mobile\"></use>\n            </svg>(416)&nbsp;882-7919</a></li></ul>\n    </div>\n</div>",
    "header": {
        "large": "https://cdn.uc.assets.prezly.com/3b512bf7-fe13-4694-9177-25cc44d4a459/-/format/auto/",
        "release": "https://cdn.uc.assets.prezly.com/3b512bf7-fe13-4694-9177-25cc44d4a459/-/format/auto/"
    },
    "contacts": [
        {
            "name": "Paulo Senra",
            "company": "Canada Soccer",
            "description": "Chief Communications & Content Officer | Chef des communications et du contenu",
            "email": "psenra@canadasoccer.com",
            "website": null,
            "address": null,
            "telephone": null,
            "mobile": "(416)\u00a0882-7919",
            "twitter": null,
            "facebook": null
        }
    ],
    "author": {
        "first_name": "Integration",
        "last_name": "Integration"
    },
    "format_version": 5
}